{"id":16549,"date":"2018-08-24T09:30:51","date_gmt":"2018-08-24T07:30:51","guid":{"rendered":"http:\/\/ms.doorcatalog.eu\/vv-850-glw28\/"},"modified":"2018-10-17T15:55:32","modified_gmt":"2018-10-17T13:55:32","slug":"vv-850-glw28","status":"publish","type":"post","link":"https:\/\/ms.doorcatalog.eu\/de\/vv-850-glw28\/","title":{"rendered":"VV-850-GLW28"},"content":{"rendered":"<p><span style=\"color: #000000;\"><strong>T\u00dcREN MIT GLAS-T\u00dcRF\u00dcLLUNGEN VISION GLASS DIGITAL<\/strong><\/span><\/p>\n<ul>\n<li>hochaufl\u00f6sender Digitaldruck direkt auf Glas \/ Farbinjektion<\/li>\n<li>dreifaches Glas mit thermischen Eigenschaften U=0,6 W\/(m\u00b2K)<\/li>\n<li>minimale thermische Ausdehnung und perfekte Ma\u00dfstabilit\u00e4t<\/li>\n<li>keine aufgeklebten, eingesetzten oder hervorragenden Elemente<\/li>\n<li>reinen Linie, einfache Eleganz, \u00fcberzeitliches Design<\/li>\n<li>beinahe keiner Aufwand an Pflege<\/li>\n<li>umweltfreundliches Produkt<\/li>\n<\/ul>\n<p><strong><a href=\"http:\/\/ms.doorcatalog.eu\/de\/tech-info\/#tab-93894143a2ff332adbe\" rel=\"noopener\">TECHNISCHE INFORMATIONEN<\/a><\/strong><br \/>\n<strong><a href=\"http:\/\/ms.doorcatalog.eu\/de\/kontakt\/\" rel=\"noopener\">KONTAKTFORMULAR<\/a><\/strong><\/p>\n<p><a href=\"http:\/\/ms.doorcatalog.eu\/wp-content\/uploads\/2018\/10\/de_vg2.png\"><img class=\"alignleft size-full wp-image-16337\" src=\"http:\/\/ms.doorcatalog.eu\/wp-content\/uploads\/2018\/10\/de_vg2.png\" alt=\"\" width=\"450\" height=\"358\" srcset=\"https:\/\/ms.doorcatalog.eu\/wp-content\/uploads\/2018\/10\/de_vg2-177x142.png 177w, https:\/\/ms.doorcatalog.eu\/wp-content\/uploads\/2018\/10\/de_vg2-200x159.png 200w, https:\/\/ms.doorcatalog.eu\/wp-content\/uploads\/2018\/10\/de_vg2-300x239.png 300w, https:\/\/ms.doorcatalog.eu\/wp-content\/uploads\/2018\/10\/de_vg2-400x318.png 400w, https:\/\/ms.doorcatalog.eu\/wp-content\/uploads\/2018\/10\/de_vg2-600x477.png 600w, https:\/\/ms.doorcatalog.eu\/wp-content\/uploads\/2018\/10\/de_vg2-768x611.png 768w, https:\/\/ms.doorcatalog.eu\/wp-content\/uploads\/2018\/10\/de_vg2.png 800w\" sizes=\"(max-width: 450px) 100vw, 450px\" \/><\/a><\/p>\n","protected":false},"excerpt":{"rendered":"<p>T\u00dcREN MIT GLAS-T\u00dcRF\u00dcLLUNGEN VISION GLASS DIGITAL hochaufl\u00f6sender Digitaldruck direkt auf [&hellip;]<\/p>\n","protected":false},"author":1,"featured_media":6559,"comment_status":"open","ping_status":"open","sticky":false,"template":"","format":"standard","meta":[],"categories":[102],"tags":[],"yoast_head":"<!-- This site is optimized with the Yoast SEO plugin v14.3 - https:\/\/yoast.com\/wordpress\/plugins\/seo\/ -->\n<title>VV-850-GLW28 - ms.doorcatalog.eu<\/title>\n<meta name=\"robots\" content=\"index, follow\" \/>\n<meta name=\"googlebot\" content=\"index, follow, max-snippet:-1, max-image-preview:large, max-video-preview:-1\" \/>\n<meta name=\"bingbot\" content=\"index, follow, max-snippet:-1, max-image-preview:large, max-video-preview:-1\" \/>\n<link rel=\"canonical\" href=\"https:\/\/ms.doorcatalog.eu\/de\/vv-850-glw28\/\" \/>\n<meta property=\"og:locale\" content=\"de_DE\" \/>\n<meta property=\"og:type\" content=\"article\" \/>\n<meta property=\"og:title\" content=\"VV-850-GLW28 - ms.doorcatalog.eu\" \/>\n<meta property=\"og:description\" content=\"T\u00dcREN MIT GLAS-T\u00dcRF\u00dcLLUNGEN VISION GLASS DIGITAL hochaufl\u00f6sender Digitaldruck direkt auf [&hellip;]\" \/>\n<meta property=\"og:url\" content=\"https:\/\/ms.doorcatalog.eu\/de\/vv-850-glw28\/\" \/>\n<meta property=\"og:site_name\" content=\"ms.doorcatalog.eu\" \/>\n<meta property=\"article:published_time\" content=\"2018-08-24T07:30:51+00:00\" \/>\n<meta property=\"article:modified_time\" content=\"2018-10-17T13:55:32+00:00\" \/>\n<meta property=\"og:image\" content=\"https:\/\/ms.doorcatalog.eu\/wp-content\/uploads\/2018\/08\/VV_850_GLW28_AL-514x1024.jpg\" \/>\n\t<meta property=\"og:image:width\" content=\"514\" \/>\n\t<meta property=\"og:image:height\" content=\"1024\" \/>\n<meta name=\"twitter:card\" content=\"summary_large_image\" \/>\n<script type=\"application\/ld+json\" class=\"yoast-schema-graph\">{\"@context\":\"https:\/\/schema.org\",\"@graph\":[{\"@type\":\"WebSite\",\"@id\":\"https:\/\/ms.doorcatalog.eu\/de\/#website\",\"url\":\"https:\/\/ms.doorcatalog.eu\/de\/\",\"name\":\"ms.doorcatalog.eu\",\"description\":\"Catalog of Door Panels\",\"potentialAction\":[{\"@type\":\"SearchAction\",\"target\":\"https:\/\/ms.doorcatalog.eu\/de\/?s={search_term_string}\",\"query-input\":\"required name=search_term_string\"}],\"inLanguage\":\"de\"},{\"@type\":\"ImageObject\",\"@id\":\"https:\/\/ms.doorcatalog.eu\/de\/vv-850-glw28\/#primaryimage\",\"inLanguage\":\"de\",\"url\":\"https:\/\/ms.doorcatalog.eu\/wp-content\/uploads\/2018\/08\/VV_850_GLW28_AL-514x1024.jpg\",\"width\":514,\"height\":1024},{\"@type\":\"WebPage\",\"@id\":\"https:\/\/ms.doorcatalog.eu\/de\/vv-850-glw28\/#webpage\",\"url\":\"https:\/\/ms.doorcatalog.eu\/de\/vv-850-glw28\/\",\"name\":\"VV-850-GLW28 - ms.doorcatalog.eu\",\"isPartOf\":{\"@id\":\"https:\/\/ms.doorcatalog.eu\/de\/#website\"},\"primaryImageOfPage\":{\"@id\":\"https:\/\/ms.doorcatalog.eu\/de\/vv-850-glw28\/#primaryimage\"},\"datePublished\":\"2018-08-24T07:30:51+00:00\",\"dateModified\":\"2018-10-17T13:55:32+00:00\",\"author\":{\"@id\":\"https:\/\/ms.doorcatalog.eu\/de\/#\/schema\/person\/7fcfb2682f54065ad01b9dd9c6bd052e\"},\"inLanguage\":\"de\",\"potentialAction\":[{\"@type\":\"ReadAction\",\"target\":[\"https:\/\/ms.doorcatalog.eu\/de\/vv-850-glw28\/\"]}]},{\"@type\":[\"Person\"],\"@id\":\"https:\/\/ms.doorcatalog.eu\/de\/#\/schema\/person\/7fcfb2682f54065ad01b9dd9c6bd052e\",\"name\":\"admin\",\"image\":{\"@type\":\"ImageObject\",\"@id\":\"https:\/\/ms.doorcatalog.eu\/de\/#personlogo\",\"inLanguage\":\"de\",\"url\":\"https:\/\/secure.gravatar.com\/avatar\/f7a1da8b18a1ee5d2fecbaf89ffe85f2?s=96&d=mm&r=g\",\"caption\":\"admin\"}}]}<\/script>\n<!-- \/ Yoast SEO plugin. -->","_links":{"self":[{"href":"https:\/\/ms.doorcatalog.eu\/de\/wp-json\/wp\/v2\/posts\/16549\/"}],"collection":[{"href":"https:\/\/ms.doorcatalog.eu\/de\/wp-json\/wp\/v2\/posts\/"}],"about":[{"href":"https:\/\/ms.doorcatalog.eu\/de\/wp-json\/wp\/v2\/types\/post\/"}],"author":[{"embeddable":true,"href":"https:\/\/ms.doorcatalog.eu\/de\/wp-json\/wp\/v2\/users\/1\/"}],"replies":[{"embeddable":true,"href":"https:\/\/ms.doorcatalog.eu\/de\/wp-json\/wp\/v2\/comments\/?post=16549"}],"version-history":[{"count":1,"href":"https:\/\/ms.doorcatalog.eu\/de\/wp-json\/wp\/v2\/posts\/16549\/revisions\/"}],"predecessor-version":[{"id":16565,"href":"https:\/\/ms.doorcatalog.eu\/de\/wp-json\/wp\/v2\/posts\/16549\/revisions\/16565\/"}],"wp:featuredmedia":[{"embeddable":true,"href":"https:\/\/ms.doorcatalog.eu\/de\/wp-json\/wp\/v2\/media\/6559\/"}],"wp:attachment":[{"href":"https:\/\/ms.doorcatalog.eu\/de\/wp-json\/wp\/v2\/media\/?parent=16549"}],"wp:term":[{"taxonomy":"category","embeddable":true,"href":"https:\/\/ms.doorcatalog.eu\/de\/wp-json\/wp\/v2\/categories\/?post=16549"},{"taxonomy":"post_tag","embeddable":true,"href":"https:\/\/ms.doorcatalog.eu\/de\/wp-json\/wp\/v2\/tags\/?post=16549"}],"curies":[{"name":"wp","href":"https:\/\/api.w.org\/{rel}","templated":true}]}}