{"id":22512,"date":"2019-02-13T06:51:07","date_gmt":"2019-02-13T05:51:07","guid":{"rendered":"http:\/\/ms.doorcatalog.eu\/vv-850-gli07\/"},"modified":"2019-02-13T07:04:58","modified_gmt":"2019-02-13T06:04:58","slug":"vv-850-gli07","status":"publish","type":"post","link":"https:\/\/ms.doorcatalog.eu\/de\/vv-850-gli07\/","title":{"rendered":"VV-850-GLi07"},"content":{"rendered":"<p><span style=\"color: #000000;\"><strong>T\u00dcREN MIT GLAS-T\u00dcRF\u00dcLLUNGEN VISION GLASS INOX<\/strong><\/span><\/p>\n<ul>\n<li>Edelstahl auf einem mittleren Glas<\/li>\n<li>Sicherheitsglas befindet sich auf der Innen- und Au\u00dfenseite<\/li>\n<li>dreifaches Glas mit thermischen Eigenschaften U=0,6 W\/(m\u00b2K)<\/li>\n<li>minimale thermische Ausdehnung und perfekte Ma\u00dfstabilit\u00e4t<\/li>\n<li>keine aufgeklebten, eingesetzten oder hervorragenden Elemente<\/li>\n<li>reinen Linie, einfache Eleganz, \u00fcberzeitliches Design<\/li>\n<li>beinahe keiner Aufwand an Pflege<\/li>\n<li>umweltfreundliches Produkt<\/li>\n<\/ul>\n<p><strong><a href=\"http:\/\/ms.doorcatalog.eu\/de\/tech-info\/#tab-93894143a2ff332adbe\" rel=\"noopener\">TECHNISCHE INFORMATIONEN<\/a><\/strong><br \/>\n<strong><a href=\"http:\/\/ms.doorcatalog.eu\/de\/kontakt\/\" rel=\"noopener\">KONTAKTFORMULAR<\/a><\/strong><\/p>\n<p><a href=\"http:\/\/ms.doorcatalog.eu\/wp-content\/uploads\/2019\/02\/vg_inox_de.png\"><img class=\"alignleft size-full wp-image-16332\" src=\"http:\/\/ms.doorcatalog.eu\/wp-content\/uploads\/2019\/02\/vg_inox_de.png\" alt=\"\" width=\"155\" height=\"222\" \/><\/a><\/p>\n","protected":false},"excerpt":{"rendered":"<p>T\u00dcREN MIT GLAS-T\u00dcRF\u00dcLLUNGEN VISION GLASS INOX Edelstahl auf einem mittleren [&hellip;]<\/p>\n","protected":false},"author":1,"featured_media":22423,"comment_status":"open","ping_status":"open","sticky":false,"template":"","format":"standard","meta":[],"categories":[115],"tags":[],"yoast_head":"<!-- This site is optimized with the Yoast SEO plugin v14.3 - https:\/\/yoast.com\/wordpress\/plugins\/seo\/ -->\n<title>VV-850-GLi07 - ms.doorcatalog.eu<\/title>\n<meta name=\"robots\" content=\"index, follow\" \/>\n<meta name=\"googlebot\" content=\"index, follow, max-snippet:-1, max-image-preview:large, max-video-preview:-1\" \/>\n<meta name=\"bingbot\" content=\"index, follow, max-snippet:-1, max-image-preview:large, max-video-preview:-1\" \/>\n<link rel=\"canonical\" href=\"https:\/\/ms.doorcatalog.eu\/de\/vv-850-gli07\/\" \/>\n<meta property=\"og:locale\" content=\"de_DE\" \/>\n<meta property=\"og:type\" content=\"article\" \/>\n<meta property=\"og:title\" content=\"VV-850-GLi07 - ms.doorcatalog.eu\" \/>\n<meta property=\"og:description\" content=\"T\u00dcREN MIT GLAS-T\u00dcRF\u00dcLLUNGEN VISION GLASS INOX Edelstahl auf einem mittleren [&hellip;]\" \/>\n<meta property=\"og:url\" content=\"https:\/\/ms.doorcatalog.eu\/de\/vv-850-gli07\/\" \/>\n<meta property=\"og:site_name\" content=\"ms.doorcatalog.eu\" \/>\n<meta property=\"article:published_time\" content=\"2019-02-13T05:51:07+00:00\" \/>\n<meta property=\"article:modified_time\" content=\"2019-02-13T06:04:58+00:00\" \/>\n<meta property=\"og:image\" content=\"https:\/\/ms.doorcatalog.eu\/wp-content\/uploads\/2019\/02\/VV_850_GLi07.jpg\" \/>\n\t<meta property=\"og:image:width\" content=\"673\" \/>\n\t<meta property=\"og:image:height\" content=\"1270\" \/>\n<meta name=\"twitter:card\" content=\"summary_large_image\" \/>\n<script type=\"application\/ld+json\" class=\"yoast-schema-graph\">{\"@context\":\"https:\/\/schema.org\",\"@graph\":[{\"@type\":\"WebSite\",\"@id\":\"https:\/\/ms.doorcatalog.eu\/de\/#website\",\"url\":\"https:\/\/ms.doorcatalog.eu\/de\/\",\"name\":\"ms.doorcatalog.eu\",\"description\":\"Catalog of Door Panels\",\"potentialAction\":[{\"@type\":\"SearchAction\",\"target\":\"https:\/\/ms.doorcatalog.eu\/de\/?s={search_term_string}\",\"query-input\":\"required name=search_term_string\"}],\"inLanguage\":\"de\"},{\"@type\":\"ImageObject\",\"@id\":\"https:\/\/ms.doorcatalog.eu\/de\/vv-850-gli07\/#primaryimage\",\"inLanguage\":\"de\",\"url\":\"https:\/\/ms.doorcatalog.eu\/wp-content\/uploads\/2019\/02\/VV_850_GLi07.jpg\",\"width\":673,\"height\":1270},{\"@type\":\"WebPage\",\"@id\":\"https:\/\/ms.doorcatalog.eu\/de\/vv-850-gli07\/#webpage\",\"url\":\"https:\/\/ms.doorcatalog.eu\/de\/vv-850-gli07\/\",\"name\":\"VV-850-GLi07 - ms.doorcatalog.eu\",\"isPartOf\":{\"@id\":\"https:\/\/ms.doorcatalog.eu\/de\/#website\"},\"primaryImageOfPage\":{\"@id\":\"https:\/\/ms.doorcatalog.eu\/de\/vv-850-gli07\/#primaryimage\"},\"datePublished\":\"2019-02-13T05:51:07+00:00\",\"dateModified\":\"2019-02-13T06:04:58+00:00\",\"author\":{\"@id\":\"https:\/\/ms.doorcatalog.eu\/de\/#\/schema\/person\/7fcfb2682f54065ad01b9dd9c6bd052e\"},\"inLanguage\":\"de\",\"potentialAction\":[{\"@type\":\"ReadAction\",\"target\":[\"https:\/\/ms.doorcatalog.eu\/de\/vv-850-gli07\/\"]}]},{\"@type\":[\"Person\"],\"@id\":\"https:\/\/ms.doorcatalog.eu\/de\/#\/schema\/person\/7fcfb2682f54065ad01b9dd9c6bd052e\",\"name\":\"admin\",\"image\":{\"@type\":\"ImageObject\",\"@id\":\"https:\/\/ms.doorcatalog.eu\/de\/#personlogo\",\"inLanguage\":\"de\",\"url\":\"https:\/\/secure.gravatar.com\/avatar\/f7a1da8b18a1ee5d2fecbaf89ffe85f2?s=96&d=mm&r=g\",\"caption\":\"admin\"}}]}<\/script>\n<!-- \/ Yoast SEO plugin. -->","_links":{"self":[{"href":"https:\/\/ms.doorcatalog.eu\/de\/wp-json\/wp\/v2\/posts\/22512\/"}],"collection":[{"href":"https:\/\/ms.doorcatalog.eu\/de\/wp-json\/wp\/v2\/posts\/"}],"about":[{"href":"https:\/\/ms.doorcatalog.eu\/de\/wp-json\/wp\/v2\/types\/post\/"}],"author":[{"embeddable":true,"href":"https:\/\/ms.doorcatalog.eu\/de\/wp-json\/wp\/v2\/users\/1\/"}],"replies":[{"embeddable":true,"href":"https:\/\/ms.doorcatalog.eu\/de\/wp-json\/wp\/v2\/comments\/?post=22512"}],"version-history":[{"count":1,"href":"https:\/\/ms.doorcatalog.eu\/de\/wp-json\/wp\/v2\/posts\/22512\/revisions\/"}],"predecessor-version":[{"id":22521,"href":"https:\/\/ms.doorcatalog.eu\/de\/wp-json\/wp\/v2\/posts\/22512\/revisions\/22521\/"}],"wp:featuredmedia":[{"embeddable":true,"href":"https:\/\/ms.doorcatalog.eu\/de\/wp-json\/wp\/v2\/media\/22423\/"}],"wp:attachment":[{"href":"https:\/\/ms.doorcatalog.eu\/de\/wp-json\/wp\/v2\/media\/?parent=22512"}],"wp:term":[{"taxonomy":"category","embeddable":true,"href":"https:\/\/ms.doorcatalog.eu\/de\/wp-json\/wp\/v2\/categories\/?post=22512"},{"taxonomy":"post_tag","embeddable":true,"href":"https:\/\/ms.doorcatalog.eu\/de\/wp-json\/wp\/v2\/tags\/?post=22512"}],"curies":[{"name":"wp","href":"https:\/\/api.w.org\/{rel}","templated":true}]}}