{"id":14587,"date":"2018-08-23T10:14:24","date_gmt":"2018-08-23T08:14:24","guid":{"rendered":"http:\/\/ms.doorcatalog.eu\/vv-850-glp02\/"},"modified":"2018-10-16T08:54:51","modified_gmt":"2018-10-16T06:54:51","slug":"vv-850-glp02","status":"publish","type":"post","link":"https:\/\/ms.doorcatalog.eu\/fr\/vv-850-glp02\/","title":{"rendered":"VV-850-GLP02"},"content":{"rendered":"<p><span style=\"color: #000000;\"><strong>PORTES AVEC REMPLISSAGE TOUT EN VERRE VISION GLASS SAND<\/strong><\/span><\/p>\n<ul>\n<li>Le verre de s\u00e9curit\u00e9 ponc\u00e9 avec une touche de &#8220;lait&#8221;<\/li>\n<li>Les propri\u00e9t\u00e9s thermos-isolantes de triple vitrage au niveau U=0,6 W\/(m\u00b2K)<\/li>\n<li>Dilatation thermique minimale et excellente stabilit\u00e9 dimensionnelle<\/li>\n<li>Sans \u00e9l\u00e9ments coll\u00e9s, ins\u00e9r\u00e9s ou saillants<\/li>\n<li>La ligne pure, l\u2019\u00e9l\u00e9gance simple, l\u2019apparence intemporelle<\/li>\n<li>Pratiquement l&#8217;exigence z\u00e9ro pour l\u2019entretien<\/li>\n<li>Le produit \u00e9cologique<\/li>\n<\/ul>\n<p><strong><a href=\"http:\/\/ms.doorcatalog.eu\/fr\/tech-info\/#tab-4a15c1730c0db7cbd44\" rel=\"noopener\"> INFORMATIONS TECHNIQUE <\/a><\/strong><br \/>\n<strong><a href=\"http:\/\/ms.doorcatalog.eu\/fr\/kontakt\/\" rel=\"noopener\"> FORMULAIRE DE CONTACT <\/a><\/strong><\/p>\n<p><a href=\"http:\/\/ms.doorcatalog.eu\/wp-content\/uploads\/2018\/10\/e5.png\"><img class=\"alignleft size-full wp-image-14231\" src=\"http:\/\/ms.doorcatalog.eu\/wp-content\/uploads\/2018\/10\/e5.png\" alt=\"\" width=\"450\" height=\"348\" srcset=\"https:\/\/ms.doorcatalog.eu\/wp-content\/uploads\/2018\/10\/e5-200x155.png 200w, https:\/\/ms.doorcatalog.eu\/wp-content\/uploads\/2018\/10\/e5-300x232.png 300w, https:\/\/ms.doorcatalog.eu\/wp-content\/uploads\/2018\/10\/e5-400x309.png 400w, https:\/\/ms.doorcatalog.eu\/wp-content\/uploads\/2018\/10\/e5-600x464.png 600w, https:\/\/ms.doorcatalog.eu\/wp-content\/uploads\/2018\/10\/e5-768x593.png 768w, https:\/\/ms.doorcatalog.eu\/wp-content\/uploads\/2018\/10\/e5.png 800w\" sizes=\"(max-width: 450px) 100vw, 450px\" \/><\/a><\/p>\n","protected":false},"excerpt":{"rendered":"<p>PORTES AVEC REMPLISSAGE TOUT EN VERRE VISION GLASS SAND Le [&hellip;]<\/p>\n","protected":false},"author":1,"featured_media":14588,"comment_status":"open","ping_status":"open","sticky":false,"template":"","format":"standard","meta":[],"categories":[90],"tags":[],"yoast_head":"<!-- This site is optimized with the Yoast SEO plugin v14.3 - https:\/\/yoast.com\/wordpress\/plugins\/seo\/ -->\n<title>VV-850-GLP02 - ms.doorcatalog.eu<\/title>\n<meta name=\"robots\" content=\"index, follow\" \/>\n<meta name=\"googlebot\" content=\"index, follow, max-snippet:-1, max-image-preview:large, max-video-preview:-1\" \/>\n<meta name=\"bingbot\" content=\"index, follow, max-snippet:-1, max-image-preview:large, max-video-preview:-1\" \/>\n<link rel=\"canonical\" href=\"https:\/\/ms.doorcatalog.eu\/fr\/vv-850-glp02\/\" \/>\n<meta property=\"og:locale\" content=\"fr_FR\" \/>\n<meta property=\"og:type\" content=\"article\" \/>\n<meta property=\"og:title\" content=\"VV-850-GLP02 - ms.doorcatalog.eu\" \/>\n<meta property=\"og:description\" content=\"PORTES AVEC REMPLISSAGE TOUT EN VERRE VISION GLASS SAND Le [&hellip;]\" \/>\n<meta property=\"og:url\" content=\"https:\/\/ms.doorcatalog.eu\/fr\/vv-850-glp02\/\" \/>\n<meta property=\"og:site_name\" content=\"ms.doorcatalog.eu\" \/>\n<meta property=\"article:published_time\" content=\"2018-08-23T08:14:24+00:00\" \/>\n<meta property=\"article:modified_time\" content=\"2018-10-16T06:54:51+00:00\" \/>\n<meta property=\"og:image\" content=\"https:\/\/ms.doorcatalog.eu\/wp-content\/uploads\/2018\/08\/VV_850_GLP02_AL-514x1024.jpg\" \/>\n\t<meta property=\"og:image:width\" content=\"514\" \/>\n\t<meta property=\"og:image:height\" content=\"1024\" \/>\n<meta name=\"twitter:card\" content=\"summary_large_image\" \/>\n<script type=\"application\/ld+json\" class=\"yoast-schema-graph\">{\"@context\":\"https:\/\/schema.org\",\"@graph\":[{\"@type\":\"WebSite\",\"@id\":\"https:\/\/ms.doorcatalog.eu\/fr\/#website\",\"url\":\"https:\/\/ms.doorcatalog.eu\/fr\/\",\"name\":\"ms.doorcatalog.eu\",\"description\":\"Catalog of Door Panels\",\"potentialAction\":[{\"@type\":\"SearchAction\",\"target\":\"https:\/\/ms.doorcatalog.eu\/fr\/?s={search_term_string}\",\"query-input\":\"required name=search_term_string\"}],\"inLanguage\":\"fr-FR\"},{\"@type\":\"ImageObject\",\"@id\":\"https:\/\/ms.doorcatalog.eu\/fr\/vv-850-glp02\/#primaryimage\",\"inLanguage\":\"fr-FR\",\"url\":\"https:\/\/ms.doorcatalog.eu\/wp-content\/uploads\/2018\/08\/VV_850_GLP02_AL-514x1024.jpg\",\"width\":514,\"height\":1024},{\"@type\":\"WebPage\",\"@id\":\"https:\/\/ms.doorcatalog.eu\/fr\/vv-850-glp02\/#webpage\",\"url\":\"https:\/\/ms.doorcatalog.eu\/fr\/vv-850-glp02\/\",\"name\":\"VV-850-GLP02 - ms.doorcatalog.eu\",\"isPartOf\":{\"@id\":\"https:\/\/ms.doorcatalog.eu\/fr\/#website\"},\"primaryImageOfPage\":{\"@id\":\"https:\/\/ms.doorcatalog.eu\/fr\/vv-850-glp02\/#primaryimage\"},\"datePublished\":\"2018-08-23T08:14:24+00:00\",\"dateModified\":\"2018-10-16T06:54:51+00:00\",\"author\":{\"@id\":\"https:\/\/ms.doorcatalog.eu\/fr\/#\/schema\/person\/7fcfb2682f54065ad01b9dd9c6bd052e\"},\"inLanguage\":\"fr-FR\",\"potentialAction\":[{\"@type\":\"ReadAction\",\"target\":[\"https:\/\/ms.doorcatalog.eu\/fr\/vv-850-glp02\/\"]}]},{\"@type\":[\"Person\"],\"@id\":\"https:\/\/ms.doorcatalog.eu\/fr\/#\/schema\/person\/7fcfb2682f54065ad01b9dd9c6bd052e\",\"name\":\"admin\",\"image\":{\"@type\":\"ImageObject\",\"@id\":\"https:\/\/ms.doorcatalog.eu\/fr\/#personlogo\",\"inLanguage\":\"fr-FR\",\"url\":\"https:\/\/secure.gravatar.com\/avatar\/f7a1da8b18a1ee5d2fecbaf89ffe85f2?s=96&d=mm&r=g\",\"caption\":\"admin\"}}]}<\/script>\n<!-- \/ Yoast SEO plugin. -->","_links":{"self":[{"href":"https:\/\/ms.doorcatalog.eu\/fr\/wp-json\/wp\/v2\/posts\/14587\/"}],"collection":[{"href":"https:\/\/ms.doorcatalog.eu\/fr\/wp-json\/wp\/v2\/posts\/"}],"about":[{"href":"https:\/\/ms.doorcatalog.eu\/fr\/wp-json\/wp\/v2\/types\/post\/"}],"author":[{"embeddable":true,"href":"https:\/\/ms.doorcatalog.eu\/fr\/wp-json\/wp\/v2\/users\/1\/"}],"replies":[{"embeddable":true,"href":"https:\/\/ms.doorcatalog.eu\/fr\/wp-json\/wp\/v2\/comments\/?post=14587"}],"version-history":[{"count":1,"href":"https:\/\/ms.doorcatalog.eu\/fr\/wp-json\/wp\/v2\/posts\/14587\/revisions\/"}],"predecessor-version":[{"id":14599,"href":"https:\/\/ms.doorcatalog.eu\/fr\/wp-json\/wp\/v2\/posts\/14587\/revisions\/14599\/"}],"wp:featuredmedia":[{"embeddable":true,"href":"https:\/\/ms.doorcatalog.eu\/fr\/wp-json\/wp\/v2\/media\/14588\/"}],"wp:attachment":[{"href":"https:\/\/ms.doorcatalog.eu\/fr\/wp-json\/wp\/v2\/media\/?parent=14587"}],"wp:term":[{"taxonomy":"category","embeddable":true,"href":"https:\/\/ms.doorcatalog.eu\/fr\/wp-json\/wp\/v2\/categories\/?post=14587"},{"taxonomy":"post_tag","embeddable":true,"href":"https:\/\/ms.doorcatalog.eu\/fr\/wp-json\/wp\/v2\/tags\/?post=14587"}],"curies":[{"name":"wp","href":"https:\/\/api.w.org\/{rel}","templated":true}]}}