{"id":22536,"date":"2019-02-13T06:47:39","date_gmt":"2019-02-13T05:47:39","guid":{"rendered":"http:\/\/ms.doorcatalog.eu\/vv-850-gli04\/"},"modified":"2019-02-13T07:07:25","modified_gmt":"2019-02-13T06:07:25","slug":"vv-850-gli04","status":"publish","type":"post","link":"https:\/\/ms.doorcatalog.eu\/fr\/vv-850-gli04\/","title":{"rendered":"VV-850-GLi04"},"content":{"rendered":"<p><span style=\"color: #000000;\"><strong>PORTES AVEC REMPLISSAGE TOUT EN VERRE VISION GLASS INOX<\/strong><\/span><\/p>\n<ul>\n<li>L&#8217;acier inoxydable est sur un verre milieu<\/li>\n<li>Le verre de s\u00e9curit\u00e9 est \u00e0 l&#8217;int\u00e9rieur et \u00e0 l&#8217;ext\u00e9rieur<\/li>\n<li>Les propri\u00e9t\u00e9s thermos-isolantes de triple vitrage au niveau U=0,6 W\/(m\u00b2K)<\/li>\n<li>Dilatation thermique minimale et excellente stabilit\u00e9 dimensionnelle<\/li>\n<li>Sans \u00e9l\u00e9ments coll\u00e9s, ins\u00e9r\u00e9s ou saillants<\/li>\n<li>La ligne pure, l\u2019\u00e9l\u00e9gance simple, l\u2019apparence intemporelle<\/li>\n<li>Pratiquement l&#8217;exigence z\u00e9ro pour l\u2019entretien<\/li>\n<li>Le produit \u00e9cologique<\/li>\n<\/ul>\n<p><strong><a href=\"http:\/\/ms.doorcatalog.eu\/fr\/tech-info\/#tab-4a15c1730c0db7cbd44\" rel=\"noopener\"> INFORMATIONS TECHNIQUE <\/a><\/strong><br \/>\n<strong><a href=\"http:\/\/ms.doorcatalog.eu\/fr\/kontakt\/\" rel=\"noopener\"> FORMULAIRE DE CONTACT <\/a><\/strong><\/p>\n<p><a href=\"http:\/\/ms.doorcatalog.eu\/wp-content\/uploads\/2019\/02\/vg_inox_fr.png\"><img class=\"alignleft size-full wp-image-14231\" src=\"http:\/\/ms.doorcatalog.eu\/wp-content\/uploads\/2019\/02\/vg_inox_fr.png\" alt=\"\" width=\"155\" height=\"222\" \/><\/a><\/p>\n","protected":false},"excerpt":{"rendered":"<p>PORTES AVEC REMPLISSAGE TOUT EN VERRE VISION GLASS INOX L&#8217;acier [&hellip;]<\/p>\n","protected":false},"author":1,"featured_media":22399,"comment_status":"open","ping_status":"open","sticky":false,"template":"","format":"standard","meta":[],"categories":[114],"tags":[],"yoast_head":"<!-- This site is optimized with the Yoast SEO plugin v14.3 - https:\/\/yoast.com\/wordpress\/plugins\/seo\/ -->\n<title>VV-850-GLi04 - ms.doorcatalog.eu<\/title>\n<meta name=\"robots\" content=\"index, follow\" \/>\n<meta name=\"googlebot\" content=\"index, follow, max-snippet:-1, max-image-preview:large, max-video-preview:-1\" \/>\n<meta name=\"bingbot\" content=\"index, follow, max-snippet:-1, max-image-preview:large, max-video-preview:-1\" \/>\n<link rel=\"canonical\" href=\"https:\/\/ms.doorcatalog.eu\/fr\/vv-850-gli04\/\" \/>\n<meta property=\"og:locale\" content=\"fr_FR\" \/>\n<meta property=\"og:type\" content=\"article\" \/>\n<meta property=\"og:title\" content=\"VV-850-GLi04 - ms.doorcatalog.eu\" \/>\n<meta property=\"og:description\" content=\"PORTES AVEC REMPLISSAGE TOUT EN VERRE VISION GLASS INOX L&#8217;acier [&hellip;]\" \/>\n<meta property=\"og:url\" content=\"https:\/\/ms.doorcatalog.eu\/fr\/vv-850-gli04\/\" \/>\n<meta property=\"og:site_name\" content=\"ms.doorcatalog.eu\" \/>\n<meta property=\"article:published_time\" content=\"2019-02-13T05:47:39+00:00\" \/>\n<meta property=\"article:modified_time\" content=\"2019-02-13T06:07:25+00:00\" \/>\n<meta property=\"og:image\" content=\"https:\/\/ms.doorcatalog.eu\/wp-content\/uploads\/2019\/02\/VV_850_GLi04.jpg\" \/>\n\t<meta property=\"og:image:width\" content=\"673\" \/>\n\t<meta property=\"og:image:height\" content=\"1270\" \/>\n<meta name=\"twitter:card\" content=\"summary_large_image\" \/>\n<script type=\"application\/ld+json\" class=\"yoast-schema-graph\">{\"@context\":\"https:\/\/schema.org\",\"@graph\":[{\"@type\":\"WebSite\",\"@id\":\"https:\/\/ms.doorcatalog.eu\/fr\/#website\",\"url\":\"https:\/\/ms.doorcatalog.eu\/fr\/\",\"name\":\"ms.doorcatalog.eu\",\"description\":\"Catalog of Door Panels\",\"potentialAction\":[{\"@type\":\"SearchAction\",\"target\":\"https:\/\/ms.doorcatalog.eu\/fr\/?s={search_term_string}\",\"query-input\":\"required name=search_term_string\"}],\"inLanguage\":\"fr-FR\"},{\"@type\":\"ImageObject\",\"@id\":\"https:\/\/ms.doorcatalog.eu\/fr\/vv-850-gli04\/#primaryimage\",\"inLanguage\":\"fr-FR\",\"url\":\"https:\/\/ms.doorcatalog.eu\/wp-content\/uploads\/2019\/02\/VV_850_GLi04.jpg\",\"width\":673,\"height\":1270},{\"@type\":\"WebPage\",\"@id\":\"https:\/\/ms.doorcatalog.eu\/fr\/vv-850-gli04\/#webpage\",\"url\":\"https:\/\/ms.doorcatalog.eu\/fr\/vv-850-gli04\/\",\"name\":\"VV-850-GLi04 - ms.doorcatalog.eu\",\"isPartOf\":{\"@id\":\"https:\/\/ms.doorcatalog.eu\/fr\/#website\"},\"primaryImageOfPage\":{\"@id\":\"https:\/\/ms.doorcatalog.eu\/fr\/vv-850-gli04\/#primaryimage\"},\"datePublished\":\"2019-02-13T05:47:39+00:00\",\"dateModified\":\"2019-02-13T06:07:25+00:00\",\"author\":{\"@id\":\"https:\/\/ms.doorcatalog.eu\/fr\/#\/schema\/person\/7fcfb2682f54065ad01b9dd9c6bd052e\"},\"inLanguage\":\"fr-FR\",\"potentialAction\":[{\"@type\":\"ReadAction\",\"target\":[\"https:\/\/ms.doorcatalog.eu\/fr\/vv-850-gli04\/\"]}]},{\"@type\":[\"Person\"],\"@id\":\"https:\/\/ms.doorcatalog.eu\/fr\/#\/schema\/person\/7fcfb2682f54065ad01b9dd9c6bd052e\",\"name\":\"admin\",\"image\":{\"@type\":\"ImageObject\",\"@id\":\"https:\/\/ms.doorcatalog.eu\/fr\/#personlogo\",\"inLanguage\":\"fr-FR\",\"url\":\"https:\/\/secure.gravatar.com\/avatar\/f7a1da8b18a1ee5d2fecbaf89ffe85f2?s=96&d=mm&r=g\",\"caption\":\"admin\"}}]}<\/script>\n<!-- \/ Yoast SEO plugin. -->","_links":{"self":[{"href":"https:\/\/ms.doorcatalog.eu\/fr\/wp-json\/wp\/v2\/posts\/22536\/"}],"collection":[{"href":"https:\/\/ms.doorcatalog.eu\/fr\/wp-json\/wp\/v2\/posts\/"}],"about":[{"href":"https:\/\/ms.doorcatalog.eu\/fr\/wp-json\/wp\/v2\/types\/post\/"}],"author":[{"embeddable":true,"href":"https:\/\/ms.doorcatalog.eu\/fr\/wp-json\/wp\/v2\/users\/1\/"}],"replies":[{"embeddable":true,"href":"https:\/\/ms.doorcatalog.eu\/fr\/wp-json\/wp\/v2\/comments\/?post=22536"}],"version-history":[{"count":1,"href":"https:\/\/ms.doorcatalog.eu\/fr\/wp-json\/wp\/v2\/posts\/22536\/revisions\/"}],"predecessor-version":[{"id":22545,"href":"https:\/\/ms.doorcatalog.eu\/fr\/wp-json\/wp\/v2\/posts\/22536\/revisions\/22545\/"}],"wp:featuredmedia":[{"embeddable":true,"href":"https:\/\/ms.doorcatalog.eu\/fr\/wp-json\/wp\/v2\/media\/22399\/"}],"wp:attachment":[{"href":"https:\/\/ms.doorcatalog.eu\/fr\/wp-json\/wp\/v2\/media\/?parent=22536"}],"wp:term":[{"taxonomy":"category","embeddable":true,"href":"https:\/\/ms.doorcatalog.eu\/fr\/wp-json\/wp\/v2\/categories\/?post=22536"},{"taxonomy":"post_tag","embeddable":true,"href":"https:\/\/ms.doorcatalog.eu\/fr\/wp-json\/wp\/v2\/tags\/?post=22536"}],"curies":[{"name":"wp","href":"https:\/\/api.w.org\/{rel}","templated":true}]}}