{"id":12179,"date":"2018-08-23T10:20:38","date_gmt":"2018-08-23T08:20:38","guid":{"rendered":"http:\/\/ms.doorcatalog.eu\/vv-850-glp10\/"},"modified":"2018-10-17T15:19:06","modified_gmt":"2018-10-17T13:19:06","slug":"vv-850-glp10","status":"publish","type":"post","link":"https:\/\/ms.doorcatalog.eu\/pl\/vv-850-glp10\/","title":{"rendered":"VV-850-GLP10"},"content":{"rendered":"<p><span style=\"color: #000000;\"><strong>DRZWI Z SZKLANYM WYPE\u0141NIENIEM VISION GLASS SAND<\/strong><\/span><\/p>\n<ul>\n<li>Piaskowane bezpieczne szk\u0142o z mlecznym odcieniem.<\/li>\n<li>W\u0142a\u015bciwo\u015bci termoizolacyjne szyby potr\u00f3jnej U=0,6W\/(m\u00b2K)<\/li>\n<li>Minimalna rozszerzalno\u015b\u0107 cieplna i doskona\u0142a stabilno\u015b\u0107 wymiarowa<\/li>\n<li>\u017badne naklejone, w\u0142o\u017cone albo wystawaj\u0105ce elementy<\/li>\n<li>Czyste linie, prosta elegancja, ponadczasowy wygl\u0105d<\/li>\n<li>Minimalne wymagania na utrzymanie<\/li>\n<li>Produkt ekologiczny<\/li>\n<\/ul>\n<p><strong><a href=\"http:\/\/ms.doorcatalog.eu\/pl\/tech-info\/#tab-19887f829cfa4cf6998\" rel=\"noopener\">INFORMACJE TECHNICZNE<\/a><\/strong><br \/>\n<strong><a href=\"http:\/\/ms.doorcatalog.eu\/pl\/kontakt\/\" rel=\"noopener\">ZAPYTA\u0106 O TEN PRODUKT<\/a><\/strong><\/p>\n<p><a href=\"http:\/\/ms.doorcatalog.eu\/wp-content\/uploads\/2018\/09\/glp_pl.png\"><img class=\"alignleft size-full wp-image-10455\" src=\"http:\/\/ms.doorcatalog.eu\/wp-content\/uploads\/2018\/09\/glp_pl.png\" alt=\"\" width=\"450\" height=\"358\" srcset=\"https:\/\/ms.doorcatalog.eu\/wp-content\/uploads\/2018\/09\/glp_pl-177x142.png 177w, https:\/\/ms.doorcatalog.eu\/wp-content\/uploads\/2018\/09\/glp_pl-200x159.png 200w, https:\/\/ms.doorcatalog.eu\/wp-content\/uploads\/2018\/09\/glp_pl-300x239.png 300w, https:\/\/ms.doorcatalog.eu\/wp-content\/uploads\/2018\/09\/glp_pl-400x318.png 400w, https:\/\/ms.doorcatalog.eu\/wp-content\/uploads\/2018\/09\/glp_pl-600x477.png 600w, https:\/\/ms.doorcatalog.eu\/wp-content\/uploads\/2018\/09\/glp_pl-768x611.png 768w, https:\/\/ms.doorcatalog.eu\/wp-content\/uploads\/2018\/09\/glp_pl-800x636.png 800w, https:\/\/ms.doorcatalog.eu\/wp-content\/uploads\/2018\/09\/glp_pl.png 1020w\" sizes=\"(max-width: 450px) 100vw, 450px\" \/><\/a><\/p>\n","protected":false},"excerpt":{"rendered":"<p>DRZWI Z SZKLANYM WYPE\u0141NIENIEM VISION GLASS SAND Piaskowane bezpieczne szk\u0142o [&hellip;]<\/p>\n","protected":false},"author":1,"featured_media":6298,"comment_status":"open","ping_status":"open","sticky":false,"template":"","format":"standard","meta":[],"categories":[79],"tags":[],"yoast_head":"<!-- This site is optimized with the Yoast SEO plugin v14.3 - https:\/\/yoast.com\/wordpress\/plugins\/seo\/ -->\n<title>VV-850-GLP10 - ms.doorcatalog.eu<\/title>\n<meta name=\"robots\" content=\"index, follow\" \/>\n<meta name=\"googlebot\" content=\"index, follow, max-snippet:-1, max-image-preview:large, max-video-preview:-1\" \/>\n<meta name=\"bingbot\" content=\"index, follow, max-snippet:-1, max-image-preview:large, max-video-preview:-1\" \/>\n<link rel=\"canonical\" href=\"https:\/\/ms.doorcatalog.eu\/pl\/vv-850-glp10\/\" \/>\n<meta property=\"og:locale\" content=\"pl_PL\" \/>\n<meta property=\"og:type\" content=\"article\" \/>\n<meta property=\"og:title\" content=\"VV-850-GLP10 - ms.doorcatalog.eu\" \/>\n<meta property=\"og:description\" content=\"DRZWI Z SZKLANYM WYPE\u0141NIENIEM VISION GLASS SAND Piaskowane bezpieczne szk\u0142o [&hellip;]\" \/>\n<meta property=\"og:url\" content=\"https:\/\/ms.doorcatalog.eu\/pl\/vv-850-glp10\/\" \/>\n<meta property=\"og:site_name\" content=\"ms.doorcatalog.eu\" \/>\n<meta property=\"article:published_time\" content=\"2018-08-23T08:20:38+00:00\" \/>\n<meta property=\"article:modified_time\" content=\"2018-10-17T13:19:06+00:00\" \/>\n<meta property=\"og:image\" content=\"https:\/\/ms.doorcatalog.eu\/wp-content\/uploads\/2018\/08\/VV_850_GLP10_AL-514x1024.jpg\" \/>\n\t<meta property=\"og:image:width\" content=\"514\" \/>\n\t<meta property=\"og:image:height\" content=\"1024\" \/>\n<meta name=\"twitter:card\" content=\"summary_large_image\" \/>\n<script type=\"application\/ld+json\" class=\"yoast-schema-graph\">{\"@context\":\"https:\/\/schema.org\",\"@graph\":[{\"@type\":\"WebSite\",\"@id\":\"https:\/\/ms.doorcatalog.eu\/pl\/#website\",\"url\":\"https:\/\/ms.doorcatalog.eu\/pl\/\",\"name\":\"ms.doorcatalog.eu\",\"description\":\"Catalog of Door Panels\",\"potentialAction\":[{\"@type\":\"SearchAction\",\"target\":\"https:\/\/ms.doorcatalog.eu\/pl\/?s={search_term_string}\",\"query-input\":\"required name=search_term_string\"}],\"inLanguage\":\"pl-PL\"},{\"@type\":\"ImageObject\",\"@id\":\"https:\/\/ms.doorcatalog.eu\/pl\/vv-850-glp10\/#primaryimage\",\"inLanguage\":\"pl-PL\",\"url\":\"https:\/\/ms.doorcatalog.eu\/wp-content\/uploads\/2018\/08\/VV_850_GLP10_AL-514x1024.jpg\",\"width\":514,\"height\":1024},{\"@type\":\"WebPage\",\"@id\":\"https:\/\/ms.doorcatalog.eu\/pl\/vv-850-glp10\/#webpage\",\"url\":\"https:\/\/ms.doorcatalog.eu\/pl\/vv-850-glp10\/\",\"name\":\"VV-850-GLP10 - ms.doorcatalog.eu\",\"isPartOf\":{\"@id\":\"https:\/\/ms.doorcatalog.eu\/pl\/#website\"},\"primaryImageOfPage\":{\"@id\":\"https:\/\/ms.doorcatalog.eu\/pl\/vv-850-glp10\/#primaryimage\"},\"datePublished\":\"2018-08-23T08:20:38+00:00\",\"dateModified\":\"2018-10-17T13:19:06+00:00\",\"author\":{\"@id\":\"https:\/\/ms.doorcatalog.eu\/pl\/#\/schema\/person\/7fcfb2682f54065ad01b9dd9c6bd052e\"},\"inLanguage\":\"pl-PL\",\"potentialAction\":[{\"@type\":\"ReadAction\",\"target\":[\"https:\/\/ms.doorcatalog.eu\/pl\/vv-850-glp10\/\"]}]},{\"@type\":[\"Person\"],\"@id\":\"https:\/\/ms.doorcatalog.eu\/pl\/#\/schema\/person\/7fcfb2682f54065ad01b9dd9c6bd052e\",\"name\":\"admin\",\"image\":{\"@type\":\"ImageObject\",\"@id\":\"https:\/\/ms.doorcatalog.eu\/pl\/#personlogo\",\"inLanguage\":\"pl-PL\",\"url\":\"https:\/\/secure.gravatar.com\/avatar\/f7a1da8b18a1ee5d2fecbaf89ffe85f2?s=96&d=mm&r=g\",\"caption\":\"admin\"}}]}<\/script>\n<!-- \/ Yoast SEO plugin. -->","_links":{"self":[{"href":"https:\/\/ms.doorcatalog.eu\/pl\/wp-json\/wp\/v2\/posts\/12179\/"}],"collection":[{"href":"https:\/\/ms.doorcatalog.eu\/pl\/wp-json\/wp\/v2\/posts\/"}],"about":[{"href":"https:\/\/ms.doorcatalog.eu\/pl\/wp-json\/wp\/v2\/types\/post\/"}],"author":[{"embeddable":true,"href":"https:\/\/ms.doorcatalog.eu\/pl\/wp-json\/wp\/v2\/users\/1\/"}],"replies":[{"embeddable":true,"href":"https:\/\/ms.doorcatalog.eu\/pl\/wp-json\/wp\/v2\/comments\/?post=12179"}],"version-history":[{"count":2,"href":"https:\/\/ms.doorcatalog.eu\/pl\/wp-json\/wp\/v2\/posts\/12179\/revisions\/"}],"predecessor-version":[{"id":16390,"href":"https:\/\/ms.doorcatalog.eu\/pl\/wp-json\/wp\/v2\/posts\/12179\/revisions\/16390\/"}],"wp:featuredmedia":[{"embeddable":true,"href":"https:\/\/ms.doorcatalog.eu\/pl\/wp-json\/wp\/v2\/media\/6298\/"}],"wp:attachment":[{"href":"https:\/\/ms.doorcatalog.eu\/pl\/wp-json\/wp\/v2\/media\/?parent=12179"}],"wp:term":[{"taxonomy":"category","embeddable":true,"href":"https:\/\/ms.doorcatalog.eu\/pl\/wp-json\/wp\/v2\/categories\/?post=12179"},{"taxonomy":"post_tag","embeddable":true,"href":"https:\/\/ms.doorcatalog.eu\/pl\/wp-json\/wp\/v2\/tags\/?post=12179"}],"curies":[{"name":"wp","href":"https:\/\/api.w.org\/{rel}","templated":true}]}}