{"id":12627,"date":"2018-08-29T18:23:20","date_gmt":"2018-08-29T16:23:20","guid":{"rendered":"http:\/\/ms.doorcatalog.eu\/avf-709-1\/"},"modified":"2019-02-28T15:19:32","modified_gmt":"2019-02-28T14:19:32","slug":"avf-709-1","status":"publish","type":"post","link":"https:\/\/ms.doorcatalog.eu\/pl\/avf-709-1\/","title":{"rendered":"AVF-709"},"content":{"rendered":"<p><span style=\"color: #000000;\"><strong>DRZWI Z ALUMINIOWYM WYPE\u0141NIENIEM ULTRA TREND<\/strong><\/span><\/p>\n<ul>\n<li>Panel wsadowy, panel nak\u0142adkowy jednostronny, panel nak\u0142adkowy obustronny<\/li>\n<li>Przenikanie ciep\u0142a U=0,42 ju\u017c przy grubo\u015bci 54 mm ze struktur\u0105 TERM MAX<\/li>\n<li>Struktury TERM MAX, TERM PLUS i TRD s\u0105 idealne do budynk\u00f3w pasywnych<\/li>\n<li>Ekstremalne warunki i dylatacje najlepiej uwzgl\u0119dnia struktura TRD<\/li>\n<li>Struktury STANDARD i STANDARD+ oferuj\u0105 op\u0142acalne rozwi\u0105zanie<\/li>\n<li>35 rodzaj\u00f3w przeszklenia, witra\u017c Tiffany lub witra\u017c \u017cywiczny<\/li>\n<li>W\u0142asny kolor RAL<\/li>\n<\/ul>\n<p><strong><a href=\"http:\/\/ms.doorcatalog.eu\/pl\/tech-info\/#tab-11699bdd35921cb558e\" rel=\"noopener\">INFORMACJE TECHNICZNE<\/a><\/strong><br \/>\n<strong><a href=\"http:\/\/ms.doorcatalog.eu\/pl\/kontakt\/\" rel=\"noopener\">ZAPYTA\u0106 O TEN PRODUKT<\/a><\/strong><\/p>\n<p><a href=\"http:\/\/ms.doorcatalog.eu\/wp-content\/uploads\/2018\/08\/pl2.png\"><img class=\"alignleft size-medium wp-image-25081\" src=\"http:\/\/ms.doorcatalog.eu\/wp-content\/uploads\/2018\/08\/pl2.png\" alt=\"\" width=\"400\" height=\"272\" \/><\/a><\/p>\n","protected":false},"excerpt":{"rendered":"<p>DRZWI Z ALUMINIOWYM WYPE\u0141NIENIEM ULTRA TREND Panel wsadowy, panel nak\u0142adkowy [&hellip;]<\/p>\n","protected":false},"author":1,"featured_media":7841,"comment_status":"open","ping_status":"open","sticky":false,"template":"","format":"standard","meta":[],"categories":[82],"tags":[],"yoast_head":"<!-- This site is optimized with the Yoast SEO plugin v14.3 - https:\/\/yoast.com\/wordpress\/plugins\/seo\/ -->\n<title>AVF-709 - ms.doorcatalog.eu<\/title>\n<meta name=\"robots\" content=\"index, follow\" \/>\n<meta name=\"googlebot\" content=\"index, follow, max-snippet:-1, max-image-preview:large, max-video-preview:-1\" \/>\n<meta name=\"bingbot\" content=\"index, follow, max-snippet:-1, max-image-preview:large, max-video-preview:-1\" \/>\n<link rel=\"canonical\" href=\"https:\/\/ms.doorcatalog.eu\/pl\/avf-709-1\/\" \/>\n<meta property=\"og:locale\" content=\"pl_PL\" \/>\n<meta property=\"og:type\" content=\"article\" \/>\n<meta property=\"og:title\" content=\"AVF-709 - ms.doorcatalog.eu\" \/>\n<meta property=\"og:description\" content=\"DRZWI Z ALUMINIOWYM WYPE\u0141NIENIEM ULTRA TREND Panel wsadowy, panel nak\u0142adkowy [&hellip;]\" \/>\n<meta property=\"og:url\" content=\"https:\/\/ms.doorcatalog.eu\/pl\/avf-709-1\/\" \/>\n<meta property=\"og:site_name\" content=\"ms.doorcatalog.eu\" \/>\n<meta property=\"article:published_time\" content=\"2018-08-29T16:23:20+00:00\" \/>\n<meta property=\"article:modified_time\" content=\"2019-02-28T14:19:32+00:00\" \/>\n<meta property=\"og:image\" content=\"https:\/\/ms.doorcatalog.eu\/wp-content\/uploads\/2018\/08\/AVF_709-1-514x1024.jpg\" \/>\n\t<meta property=\"og:image:width\" content=\"514\" \/>\n\t<meta property=\"og:image:height\" content=\"1024\" \/>\n<meta name=\"twitter:card\" content=\"summary_large_image\" \/>\n<script type=\"application\/ld+json\" class=\"yoast-schema-graph\">{\"@context\":\"https:\/\/schema.org\",\"@graph\":[{\"@type\":\"WebSite\",\"@id\":\"https:\/\/ms.doorcatalog.eu\/pl\/#website\",\"url\":\"https:\/\/ms.doorcatalog.eu\/pl\/\",\"name\":\"ms.doorcatalog.eu\",\"description\":\"Catalog of Door Panels\",\"potentialAction\":[{\"@type\":\"SearchAction\",\"target\":\"https:\/\/ms.doorcatalog.eu\/pl\/?s={search_term_string}\",\"query-input\":\"required name=search_term_string\"}],\"inLanguage\":\"pl-PL\"},{\"@type\":\"ImageObject\",\"@id\":\"https:\/\/ms.doorcatalog.eu\/pl\/avf-709-1\/#primaryimage\",\"inLanguage\":\"pl-PL\",\"url\":\"https:\/\/ms.doorcatalog.eu\/wp-content\/uploads\/2018\/08\/AVF_709-1-514x1024.jpg\",\"width\":514,\"height\":1024},{\"@type\":\"WebPage\",\"@id\":\"https:\/\/ms.doorcatalog.eu\/pl\/avf-709-1\/#webpage\",\"url\":\"https:\/\/ms.doorcatalog.eu\/pl\/avf-709-1\/\",\"name\":\"AVF-709 - ms.doorcatalog.eu\",\"isPartOf\":{\"@id\":\"https:\/\/ms.doorcatalog.eu\/pl\/#website\"},\"primaryImageOfPage\":{\"@id\":\"https:\/\/ms.doorcatalog.eu\/pl\/avf-709-1\/#primaryimage\"},\"datePublished\":\"2018-08-29T16:23:20+00:00\",\"dateModified\":\"2019-02-28T14:19:32+00:00\",\"author\":{\"@id\":\"https:\/\/ms.doorcatalog.eu\/pl\/#\/schema\/person\/7fcfb2682f54065ad01b9dd9c6bd052e\"},\"inLanguage\":\"pl-PL\",\"potentialAction\":[{\"@type\":\"ReadAction\",\"target\":[\"https:\/\/ms.doorcatalog.eu\/pl\/avf-709-1\/\"]}]},{\"@type\":[\"Person\"],\"@id\":\"https:\/\/ms.doorcatalog.eu\/pl\/#\/schema\/person\/7fcfb2682f54065ad01b9dd9c6bd052e\",\"name\":\"admin\",\"image\":{\"@type\":\"ImageObject\",\"@id\":\"https:\/\/ms.doorcatalog.eu\/pl\/#personlogo\",\"inLanguage\":\"pl-PL\",\"url\":\"https:\/\/secure.gravatar.com\/avatar\/f7a1da8b18a1ee5d2fecbaf89ffe85f2?s=96&d=mm&r=g\",\"caption\":\"admin\"}}]}<\/script>\n<!-- \/ Yoast SEO plugin. -->","_links":{"self":[{"href":"https:\/\/ms.doorcatalog.eu\/pl\/wp-json\/wp\/v2\/posts\/12627\/"}],"collection":[{"href":"https:\/\/ms.doorcatalog.eu\/pl\/wp-json\/wp\/v2\/posts\/"}],"about":[{"href":"https:\/\/ms.doorcatalog.eu\/pl\/wp-json\/wp\/v2\/types\/post\/"}],"author":[{"embeddable":true,"href":"https:\/\/ms.doorcatalog.eu\/pl\/wp-json\/wp\/v2\/users\/1\/"}],"replies":[{"embeddable":true,"href":"https:\/\/ms.doorcatalog.eu\/pl\/wp-json\/wp\/v2\/comments\/?post=12627"}],"version-history":[{"count":4,"href":"https:\/\/ms.doorcatalog.eu\/pl\/wp-json\/wp\/v2\/posts\/12627\/revisions\/"}],"predecessor-version":[{"id":25168,"href":"https:\/\/ms.doorcatalog.eu\/pl\/wp-json\/wp\/v2\/posts\/12627\/revisions\/25168\/"}],"wp:featuredmedia":[{"embeddable":true,"href":"https:\/\/ms.doorcatalog.eu\/pl\/wp-json\/wp\/v2\/media\/7841\/"}],"wp:attachment":[{"href":"https:\/\/ms.doorcatalog.eu\/pl\/wp-json\/wp\/v2\/media\/?parent=12627"}],"wp:term":[{"taxonomy":"category","embeddable":true,"href":"https:\/\/ms.doorcatalog.eu\/pl\/wp-json\/wp\/v2\/categories\/?post=12627"},{"taxonomy":"post_tag","embeddable":true,"href":"https:\/\/ms.doorcatalog.eu\/pl\/wp-json\/wp\/v2\/tags\/?post=12627"}],"curies":[{"name":"wp","href":"https:\/\/api.w.org\/{rel}","templated":true}]}}