{"id":13988,"date":"2018-08-27T11:59:46","date_gmt":"2018-08-27T09:59:46","guid":{"rendered":"http:\/\/ms.doorcatalog.eu\/dv-78\/"},"modified":"2018-10-17T13:26:22","modified_gmt":"2018-10-17T11:26:22","slug":"dv-78","status":"publish","type":"post","link":"https:\/\/ms.doorcatalog.eu\/pl\/dv-78\/","title":{"rendered":"DV-78"},"content":{"rendered":"<p><span style=\"color: #000000;\"><strong>DRZWI Z PCV WYPE\u0141NIENIEM MODERN<\/strong><\/span><\/p>\n<ul>\n<li>Wype\u0142nienie drzwi z wysokiej jako\u015bci PCV<\/li>\n<li>Struktury STANDARD i STANDARD+ oferuj\u0105 op\u0142acalne rozwi\u0105zanie<\/li>\n<li>Struktury STABIL i EXTREM oferuj\u0105 lepsze w\u0142a\u015bciwo\u015bci termoizolacyjne<\/li>\n<li>Wype\u0142nienie z szybami bez ramek dodatkowych we wersji Design Plus<\/li>\n<li>35 rodzaj\u00f3w przeszklenia, witra\u017c Tiffany lub witra\u017c \u017cywiczny<\/li>\n<li>10 rodzaj\u00f3w dekor\u00f3w do wyboru<\/li>\n<li>Minimalne wymagania na utrzymanie<\/li>\n<\/ul>\n<p><strong><a href=\"http:\/\/ms.doorcatalog.eu\/pl\/tech-info\/#tab-40c9aecc0efe2ccea5f\" rel=\"noopener\">INFORMACJE TECHNICZNE<\/a><\/strong><br \/>\n<strong><a href=\"http:\/\/ms.doorcatalog.eu\/pl\/kontakt\/\" rel=\"noopener\">ZAPYTA\u0106 O TEN PRODUKT<\/a><br \/>\n<a href=\"http:\/\/ms.doorcatalog.eu\/wp-content\/uploads\/2018\/10\/pvc1-pl.png\"><img class=\"alignleft size-full wp-image-10587\" src=\"http:\/\/ms.doorcatalog.eu\/wp-content\/uploads\/2018\/10\/pvc1-pl.png\" alt=\"\" width=\"450\" height=\"139\" srcset=\"https:\/\/ms.doorcatalog.eu\/wp-content\/uploads\/2018\/10\/pvc1-pl-200x62.png 200w, https:\/\/ms.doorcatalog.eu\/wp-content\/uploads\/2018\/10\/pvc1-pl-300x93.png 300w, https:\/\/ms.doorcatalog.eu\/wp-content\/uploads\/2018\/10\/pvc1-pl-400x124.png 400w, https:\/\/ms.doorcatalog.eu\/wp-content\/uploads\/2018\/10\/pvc1-pl-600x186.png 600w, https:\/\/ms.doorcatalog.eu\/wp-content\/uploads\/2018\/10\/pvc1-pl-768x238.png 768w, https:\/\/ms.doorcatalog.eu\/wp-content\/uploads\/2018\/10\/pvc1-pl-800x247.png 800w, https:\/\/ms.doorcatalog.eu\/wp-content\/uploads\/2018\/10\/pvc1-pl-1024x317.png 1024w, https:\/\/ms.doorcatalog.eu\/wp-content\/uploads\/2018\/10\/pvc1-pl-1200x371.png 1200w, https:\/\/ms.doorcatalog.eu\/wp-content\/uploads\/2018\/10\/pvc1-pl.png 1400w\" sizes=\"(max-width: 450px) 100vw, 450px\" \/><\/a><br \/>\n<\/strong><\/p>\n","protected":false},"excerpt":{"rendered":"<p>DRZWI Z PCV WYPE\u0141NIENIEM MODERN Wype\u0142nienie drzwi z wysokiej jako\u015bci [&hellip;]<\/p>\n","protected":false},"author":1,"featured_media":13320,"comment_status":"open","ping_status":"open","sticky":false,"template":"","format":"standard","meta":[],"categories":[86],"tags":[],"yoast_head":"<!-- This site is optimized with the Yoast SEO plugin v14.3 - https:\/\/yoast.com\/wordpress\/plugins\/seo\/ -->\n<title>DV-78 - ms.doorcatalog.eu<\/title>\n<meta name=\"robots\" content=\"index, follow\" \/>\n<meta name=\"googlebot\" content=\"index, follow, max-snippet:-1, max-image-preview:large, max-video-preview:-1\" \/>\n<meta name=\"bingbot\" content=\"index, follow, max-snippet:-1, max-image-preview:large, max-video-preview:-1\" \/>\n<link rel=\"canonical\" href=\"https:\/\/ms.doorcatalog.eu\/pl\/dv-78\/\" \/>\n<meta property=\"og:locale\" content=\"pl_PL\" \/>\n<meta property=\"og:type\" content=\"article\" \/>\n<meta property=\"og:title\" content=\"DV-78 - ms.doorcatalog.eu\" \/>\n<meta property=\"og:description\" content=\"DRZWI Z PCV WYPE\u0141NIENIEM MODERN Wype\u0142nienie drzwi z wysokiej jako\u015bci [&hellip;]\" \/>\n<meta property=\"og:url\" content=\"https:\/\/ms.doorcatalog.eu\/pl\/dv-78\/\" \/>\n<meta property=\"og:site_name\" content=\"ms.doorcatalog.eu\" \/>\n<meta property=\"article:published_time\" content=\"2018-08-27T09:59:46+00:00\" \/>\n<meta property=\"article:modified_time\" content=\"2018-10-17T11:26:22+00:00\" \/>\n<meta property=\"og:image\" content=\"https:\/\/ms.doorcatalog.eu\/wp-content\/uploads\/2018\/08\/DV_78_PVC.jpg\" \/>\n\t<meta property=\"og:image:width\" content=\"1355\" \/>\n\t<meta property=\"og:image:height\" content=\"2686\" \/>\n<meta name=\"twitter:card\" content=\"summary_large_image\" \/>\n<script type=\"application\/ld+json\" class=\"yoast-schema-graph\">{\"@context\":\"https:\/\/schema.org\",\"@graph\":[{\"@type\":\"WebSite\",\"@id\":\"https:\/\/ms.doorcatalog.eu\/pl\/#website\",\"url\":\"https:\/\/ms.doorcatalog.eu\/pl\/\",\"name\":\"ms.doorcatalog.eu\",\"description\":\"Catalog of Door Panels\",\"potentialAction\":[{\"@type\":\"SearchAction\",\"target\":\"https:\/\/ms.doorcatalog.eu\/pl\/?s={search_term_string}\",\"query-input\":\"required name=search_term_string\"}],\"inLanguage\":\"pl-PL\"},{\"@type\":\"ImageObject\",\"@id\":\"https:\/\/ms.doorcatalog.eu\/pl\/dv-78\/#primaryimage\",\"inLanguage\":\"pl-PL\",\"url\":\"https:\/\/ms.doorcatalog.eu\/wp-content\/uploads\/2018\/08\/DV_78_PVC.jpg\",\"width\":1355,\"height\":2686,\"caption\":\"image description\"},{\"@type\":\"WebPage\",\"@id\":\"https:\/\/ms.doorcatalog.eu\/pl\/dv-78\/#webpage\",\"url\":\"https:\/\/ms.doorcatalog.eu\/pl\/dv-78\/\",\"name\":\"DV-78 - ms.doorcatalog.eu\",\"isPartOf\":{\"@id\":\"https:\/\/ms.doorcatalog.eu\/pl\/#website\"},\"primaryImageOfPage\":{\"@id\":\"https:\/\/ms.doorcatalog.eu\/pl\/dv-78\/#primaryimage\"},\"datePublished\":\"2018-08-27T09:59:46+00:00\",\"dateModified\":\"2018-10-17T11:26:22+00:00\",\"author\":{\"@id\":\"https:\/\/ms.doorcatalog.eu\/pl\/#\/schema\/person\/7fcfb2682f54065ad01b9dd9c6bd052e\"},\"inLanguage\":\"pl-PL\",\"potentialAction\":[{\"@type\":\"ReadAction\",\"target\":[\"https:\/\/ms.doorcatalog.eu\/pl\/dv-78\/\"]}]},{\"@type\":[\"Person\"],\"@id\":\"https:\/\/ms.doorcatalog.eu\/pl\/#\/schema\/person\/7fcfb2682f54065ad01b9dd9c6bd052e\",\"name\":\"admin\",\"image\":{\"@type\":\"ImageObject\",\"@id\":\"https:\/\/ms.doorcatalog.eu\/pl\/#personlogo\",\"inLanguage\":\"pl-PL\",\"url\":\"https:\/\/secure.gravatar.com\/avatar\/f7a1da8b18a1ee5d2fecbaf89ffe85f2?s=96&d=mm&r=g\",\"caption\":\"admin\"}}]}<\/script>\n<!-- \/ Yoast SEO plugin. -->","_links":{"self":[{"href":"https:\/\/ms.doorcatalog.eu\/pl\/wp-json\/wp\/v2\/posts\/13988\/"}],"collection":[{"href":"https:\/\/ms.doorcatalog.eu\/pl\/wp-json\/wp\/v2\/posts\/"}],"about":[{"href":"https:\/\/ms.doorcatalog.eu\/pl\/wp-json\/wp\/v2\/types\/post\/"}],"author":[{"embeddable":true,"href":"https:\/\/ms.doorcatalog.eu\/pl\/wp-json\/wp\/v2\/users\/1\/"}],"replies":[{"embeddable":true,"href":"https:\/\/ms.doorcatalog.eu\/pl\/wp-json\/wp\/v2\/comments\/?post=13988"}],"version-history":[{"count":2,"href":"https:\/\/ms.doorcatalog.eu\/pl\/wp-json\/wp\/v2\/posts\/13988\/revisions\/"}],"predecessor-version":[{"id":16048,"href":"https:\/\/ms.doorcatalog.eu\/pl\/wp-json\/wp\/v2\/posts\/13988\/revisions\/16048\/"}],"wp:featuredmedia":[{"embeddable":true,"href":"https:\/\/ms.doorcatalog.eu\/pl\/wp-json\/wp\/v2\/media\/13320\/"}],"wp:attachment":[{"href":"https:\/\/ms.doorcatalog.eu\/pl\/wp-json\/wp\/v2\/media\/?parent=13988"}],"wp:term":[{"taxonomy":"category","embeddable":true,"href":"https:\/\/ms.doorcatalog.eu\/pl\/wp-json\/wp\/v2\/categories\/?post=13988"},{"taxonomy":"post_tag","embeddable":true,"href":"https:\/\/ms.doorcatalog.eu\/pl\/wp-json\/wp\/v2\/tags\/?post=13988"}],"curies":[{"name":"wp","href":"https:\/\/api.w.org\/{rel}","templated":true}]}}