{"id":22486,"date":"2019-02-13T06:51:23","date_gmt":"2019-02-13T05:51:23","guid":{"rendered":"http:\/\/ms.doorcatalog.eu\/vv-850-gli08\/"},"modified":"2019-02-13T07:02:05","modified_gmt":"2019-02-13T06:02:05","slug":"vv-850-gli08","status":"publish","type":"post","link":"https:\/\/ms.doorcatalog.eu\/pl\/vv-850-gli08\/","title":{"rendered":"VV-850-GLi08"},"content":{"rendered":"<p><span style=\"color: #000000;\"><strong>DRZWI Z SZKLANYM WYPE\u0141NIENIEM VISION GLASS INOX<\/strong><\/span><\/p>\n<ul>\n<li>Stal nierdzewna na \u015brodkowym szk\u0142e<\/li>\n<li>Bezpieczne szk\u0142o zewn\u0119trzne i wewn\u0119trzne<\/li>\n<li>W\u0142a\u015bciwo\u015bci termoizolacyjne szyby potr\u00f3jnej U=0,6W\/(m\u00b2K)<\/li>\n<li>Minimalna rozszerzalno\u015b\u0107 cieplna i doskona\u0142a stabilno\u015b\u0107 wymiarowa<\/li>\n<li>\u017badne naklejone, w\u0142o\u017cone albo wystawaj\u0105ce elementy<\/li>\n<li>Czyste linie, prosta elegancja, ponadczasowy wygl\u0105d<\/li>\n<li>Minimalne wymagania na utrzymanie<\/li>\n<li>Produkt ekologiczny<\/li>\n<\/ul>\n<p><strong><a href=\"http:\/\/ms.doorcatalog.eu\/pl\/tech-info\/#tab-19887f829cfa4cf6998\" rel=\"noopener\">INFORMACJE TECHNICZNE<\/a><\/strong><br \/>\n<strong><a href=\"http:\/\/ms.doorcatalog.eu\/pl\/kontakt\/\" rel=\"noopener\">ZAPYTA\u0106 O TEN PRODUKT<\/a><\/strong><\/p>\n<p><a href=\"http:\/\/ms.doorcatalog.eu\/wp-content\/uploads\/2019\/02\/vg_inox_pl.png\"><img class=\"alignleft size-full wp-image-10455\" src=\"http:\/\/ms.doorcatalog.eu\/wp-content\/uploads\/2019\/02\/vg_inox_pl.png\" alt=\"\" width=\"155\" height=\"222\" \/><\/a><\/p>\n","protected":false},"excerpt":{"rendered":"<p>DRZWI Z SZKLANYM WYPE\u0141NIENIEM VISION GLASS INOX Stal nierdzewna na [&hellip;]<\/p>\n","protected":false},"author":1,"featured_media":22430,"comment_status":"open","ping_status":"open","sticky":false,"template":"","format":"standard","meta":[],"categories":[113],"tags":[],"yoast_head":"<!-- This site is optimized with the Yoast SEO plugin v14.3 - https:\/\/yoast.com\/wordpress\/plugins\/seo\/ -->\n<title>VV-850-GLi08 - ms.doorcatalog.eu<\/title>\n<meta name=\"robots\" content=\"index, follow\" \/>\n<meta name=\"googlebot\" content=\"index, follow, max-snippet:-1, max-image-preview:large, max-video-preview:-1\" \/>\n<meta name=\"bingbot\" content=\"index, follow, max-snippet:-1, max-image-preview:large, max-video-preview:-1\" \/>\n<link rel=\"canonical\" href=\"https:\/\/ms.doorcatalog.eu\/pl\/vv-850-gli08\/\" \/>\n<meta property=\"og:locale\" content=\"pl_PL\" \/>\n<meta property=\"og:type\" content=\"article\" \/>\n<meta property=\"og:title\" content=\"VV-850-GLi08 - ms.doorcatalog.eu\" \/>\n<meta property=\"og:description\" content=\"DRZWI Z SZKLANYM WYPE\u0141NIENIEM VISION GLASS INOX Stal nierdzewna na [&hellip;]\" \/>\n<meta property=\"og:url\" content=\"https:\/\/ms.doorcatalog.eu\/pl\/vv-850-gli08\/\" \/>\n<meta property=\"og:site_name\" content=\"ms.doorcatalog.eu\" \/>\n<meta property=\"article:published_time\" content=\"2019-02-13T05:51:23+00:00\" \/>\n<meta property=\"article:modified_time\" content=\"2019-02-13T06:02:05+00:00\" \/>\n<meta property=\"og:image\" content=\"https:\/\/ms.doorcatalog.eu\/wp-content\/uploads\/2019\/02\/VV_850_GLi08.jpg\" \/>\n\t<meta property=\"og:image:width\" content=\"673\" \/>\n\t<meta property=\"og:image:height\" content=\"1270\" \/>\n<meta name=\"twitter:card\" content=\"summary_large_image\" \/>\n<script type=\"application\/ld+json\" class=\"yoast-schema-graph\">{\"@context\":\"https:\/\/schema.org\",\"@graph\":[{\"@type\":\"WebSite\",\"@id\":\"https:\/\/ms.doorcatalog.eu\/pl\/#website\",\"url\":\"https:\/\/ms.doorcatalog.eu\/pl\/\",\"name\":\"ms.doorcatalog.eu\",\"description\":\"Catalog of Door Panels\",\"potentialAction\":[{\"@type\":\"SearchAction\",\"target\":\"https:\/\/ms.doorcatalog.eu\/pl\/?s={search_term_string}\",\"query-input\":\"required name=search_term_string\"}],\"inLanguage\":\"pl-PL\"},{\"@type\":\"ImageObject\",\"@id\":\"https:\/\/ms.doorcatalog.eu\/pl\/vv-850-gli08\/#primaryimage\",\"inLanguage\":\"pl-PL\",\"url\":\"https:\/\/ms.doorcatalog.eu\/wp-content\/uploads\/2019\/02\/VV_850_GLi08.jpg\",\"width\":673,\"height\":1270},{\"@type\":\"WebPage\",\"@id\":\"https:\/\/ms.doorcatalog.eu\/pl\/vv-850-gli08\/#webpage\",\"url\":\"https:\/\/ms.doorcatalog.eu\/pl\/vv-850-gli08\/\",\"name\":\"VV-850-GLi08 - ms.doorcatalog.eu\",\"isPartOf\":{\"@id\":\"https:\/\/ms.doorcatalog.eu\/pl\/#website\"},\"primaryImageOfPage\":{\"@id\":\"https:\/\/ms.doorcatalog.eu\/pl\/vv-850-gli08\/#primaryimage\"},\"datePublished\":\"2019-02-13T05:51:23+00:00\",\"dateModified\":\"2019-02-13T06:02:05+00:00\",\"author\":{\"@id\":\"https:\/\/ms.doorcatalog.eu\/pl\/#\/schema\/person\/7fcfb2682f54065ad01b9dd9c6bd052e\"},\"inLanguage\":\"pl-PL\",\"potentialAction\":[{\"@type\":\"ReadAction\",\"target\":[\"https:\/\/ms.doorcatalog.eu\/pl\/vv-850-gli08\/\"]}]},{\"@type\":[\"Person\"],\"@id\":\"https:\/\/ms.doorcatalog.eu\/pl\/#\/schema\/person\/7fcfb2682f54065ad01b9dd9c6bd052e\",\"name\":\"admin\",\"image\":{\"@type\":\"ImageObject\",\"@id\":\"https:\/\/ms.doorcatalog.eu\/pl\/#personlogo\",\"inLanguage\":\"pl-PL\",\"url\":\"https:\/\/secure.gravatar.com\/avatar\/f7a1da8b18a1ee5d2fecbaf89ffe85f2?s=96&d=mm&r=g\",\"caption\":\"admin\"}}]}<\/script>\n<!-- \/ Yoast SEO plugin. -->","_links":{"self":[{"href":"https:\/\/ms.doorcatalog.eu\/pl\/wp-json\/wp\/v2\/posts\/22486\/"}],"collection":[{"href":"https:\/\/ms.doorcatalog.eu\/pl\/wp-json\/wp\/v2\/posts\/"}],"about":[{"href":"https:\/\/ms.doorcatalog.eu\/pl\/wp-json\/wp\/v2\/types\/post\/"}],"author":[{"embeddable":true,"href":"https:\/\/ms.doorcatalog.eu\/pl\/wp-json\/wp\/v2\/users\/1\/"}],"replies":[{"embeddable":true,"href":"https:\/\/ms.doorcatalog.eu\/pl\/wp-json\/wp\/v2\/comments\/?post=22486"}],"version-history":[{"count":1,"href":"https:\/\/ms.doorcatalog.eu\/pl\/wp-json\/wp\/v2\/posts\/22486\/revisions\/"}],"predecessor-version":[{"id":22495,"href":"https:\/\/ms.doorcatalog.eu\/pl\/wp-json\/wp\/v2\/posts\/22486\/revisions\/22495\/"}],"wp:featuredmedia":[{"embeddable":true,"href":"https:\/\/ms.doorcatalog.eu\/pl\/wp-json\/wp\/v2\/media\/22430\/"}],"wp:attachment":[{"href":"https:\/\/ms.doorcatalog.eu\/pl\/wp-json\/wp\/v2\/media\/?parent=22486"}],"wp:term":[{"taxonomy":"category","embeddable":true,"href":"https:\/\/ms.doorcatalog.eu\/pl\/wp-json\/wp\/v2\/categories\/?post=22486"},{"taxonomy":"post_tag","embeddable":true,"href":"https:\/\/ms.doorcatalog.eu\/pl\/wp-json\/wp\/v2\/tags\/?post=22486"}],"curies":[{"name":"wp","href":"https:\/\/api.w.org\/{rel}","templated":true}]}}